{"id":25033,"date":"2023-11-23T17:00:51","date_gmt":"2023-11-23T23:00:51","guid":{"rendered":"https:\/\/www.alfa.com.mx\/in-leaps-and-bounds\/"},"modified":"2024-05-09T17:11:39","modified_gmt":"2024-05-09T23:11:39","slug":"azucena-au-anefac","status":"publish","type":"post","link":"https:\/\/www.sigmafoods.com\/en\/azucena-au-anefac\/","title":{"rendered":"Azucena Au Stands Out for Her Career in the Tax sector"},"content":{"rendered":"\t\t<div data-elementor-type=\"wp-post\" data-elementor-id=\"25033\" class=\"elementor elementor-25033\" data-elementor-post-type=\"post\">\n\t\t\t\t\t\t<section class=\"elementor-section elementor-top-section elementor-element elementor-element-825840a elementor-section-boxed elementor-section-height-default elementor-section-height-default\" data-id=\"825840a\" data-element_type=\"section\" data-settings=\"{&quot;jet_parallax_layout_list&quot;:[]}\">\n\t\t\t\t\t\t<div class=\"elementor-container elementor-column-gap-default\">\n\t\t\t\t\t<div class=\"elementor-column elementor-col-100 elementor-top-column elementor-element elementor-element-c892313\" data-id=\"c892313\" data-element_type=\"column\">\n\t\t\t<div class=\"elementor-widget-wrap elementor-element-populated\">\n\t\t\t\t\t\t<section class=\"elementor-section elementor-inner-section elementor-element elementor-element-6832f08 elementor-section-boxed elementor-section-height-default elementor-section-height-default\" data-id=\"6832f08\" data-element_type=\"section\" data-settings=\"{&quot;jet_parallax_layout_list&quot;:[]}\">\n\t\t\t\t\t\t<div class=\"elementor-container elementor-column-gap-default\">\n\t\t\t\t\t<div class=\"elementor-column elementor-col-50 elementor-inner-column elementor-element elementor-element-600cdcb\" data-id=\"600cdcb\" data-element_type=\"column\">\n\t\t\t<div class=\"elementor-widget-wrap elementor-element-populated\">\n\t\t\t\t\t\t<div class=\"elementor-element elementor-element-34c6a5e elementor-widget elementor-widget-image\" data-id=\"34c6a5e\" data-element_type=\"widget\" data-widget_type=\"image.default\">\n\t\t\t\t<div class=\"elementor-widget-container\">\n\t\t\t\t\t\t\t\t\t\t\t\t\t\t\t<img fetchpriority=\"high\" decoding=\"async\" width=\"377\" height=\"858\" src=\"https:\/\/www.sigmafoods.com\/wp-content\/uploads\/2024\/05\/aau-en.jpeg\" class=\"attachment-large size-large wp-image-25256\" alt=\"\" \/>\t\t\t\t\t\t\t\t\t\t\t\t\t\t\t<\/div>\n\t\t\t\t<\/div>\n\t\t\t\t\t<\/div>\n\t\t<\/div>\n\t\t\t\t<div class=\"elementor-column elementor-col-50 elementor-inner-column elementor-element elementor-element-761e91e\" data-id=\"761e91e\" data-element_type=\"column\">\n\t\t\t<div class=\"elementor-widget-wrap elementor-element-populated\">\n\t\t\t\t\t\t<div class=\"elementor-element elementor-element-2947d97 elementor-widget elementor-widget-text-editor\" data-id=\"2947d97\" data-element_type=\"widget\" data-widget_type=\"text-editor.default\">\n\t\t\t\t<div class=\"elementor-widget-container\">\n\t\t\t\t\t\t\t\t\t<p style=\"font-family: Roboto, Roboto; font-size: 19px; font-weight: 400;\">At ALFA, we celebrate the achievements of our team, and on this occasion, we want to highlight and congratulate Azucena Au Ahumada, who was appointed as the first female member of the National Association of Fiscal Specialists of Monterrey A.C. (ANEFAC).<\/p>\n<p style=\"font-family: Roboto, Roboto; font-size: 19px; font-weight: 400;\"><\/p>\t\t\t\t\t\t\t\t<\/div>\n\t\t\t\t<\/div>\n\t\t\t\t<div class=\"elementor-element elementor-element-a5978c1 elementor-widget elementor-widget-text-editor\" data-id=\"a5978c1\" data-element_type=\"widget\" data-widget_type=\"text-editor.default\">\n\t\t\t\t<div class=\"elementor-widget-container\">\n\t\t\t\t\t\t\t\t\t<p style=\"font-family: Roboto, Roboto; font-size: 19px; font-weight: 400;\">\u00a0<img decoding=\"async\" class=\"size-full wp-image-25184 aligncenter\" src=\"https:\/\/www.sigmafoods.com\/wp-content\/uploads\/2024\/05\/graphic_profmx.jpeg\" alt=\"\" width=\"242\" height=\"342\" \/><span style=\"color: var( --e-global-color-text );\">This association brings together tax directors and specialized lawyers, serving as a reference in the analysis, promotion, and encouragement of improvement and innovation in the tax sector. Azucena&#8217;s trajectory, with over 30 years of experience in the field, as well as the presentation she delivered to the association&#8217;s members, opened the doors for her to this group.<\/span><\/p><p style=\"font-family: Roboto, Roboto; font-size: 19px; font-weight: 400;\"><span style=\"color: var( --e-global-color-text );\">As a reference, according to data from INEGI, until 2020 only 36.6% of professionals in accounting and auditing were women. We are certain that Azucena&#8217;s appointment will serve as an inspiration for other women.<\/span><\/p><p style=\"font-family: Roboto, Roboto; font-size: 19px; font-weight: 400;\">\u00a0<\/p>\t\t\t\t\t\t\t\t<\/div>\n\t\t\t\t<\/div>\n\t\t\t\t\t<\/div>\n\t\t<\/div>\n\t\t\t\t\t<\/div>\n\t\t<\/section>\n\t\t\t\t\t<\/div>\n\t\t<\/div>\n\t\t\t\t\t<\/div>\n\t\t<\/section>\n\t\t\t\t<section class=\"elementor-section elementor-top-section elementor-element elementor-element-5d1ed9e elementor-section-boxed elementor-section-height-default elementor-section-height-default\" data-id=\"5d1ed9e\" data-element_type=\"section\" data-settings=\"{&quot;jet_parallax_layout_list&quot;:[],&quot;background_background&quot;:&quot;classic&quot;}\">\n\t\t\t\t\t\t<div class=\"elementor-container elementor-column-gap-default\">\n\t\t\t\t\t<div class=\"elementor-column elementor-col-100 elementor-top-column elementor-element elementor-element-69383f6\" data-id=\"69383f6\" data-element_type=\"column\">\n\t\t\t<div class=\"elementor-widget-wrap elementor-element-populated\">\n\t\t\t\t\t\t<div class=\"elementor-element elementor-element-0645c97 elementor-widget elementor-widget-text-editor\" data-id=\"0645c97\" data-element_type=\"widget\" data-widget_type=\"text-editor.default\">\n\t\t\t\t<div class=\"elementor-widget-container\">\n\t\t\t\t\t\t\t\t\t<p style=\"margin: 0;\">Follow us on social media<\/p>\t\t\t\t\t\t\t\t<\/div>\n\t\t\t\t<\/div>\n\t\t\t\t<div class=\"elementor-element elementor-element-e1694b0 elementor-shape-circle elementor-grid-0 e-grid-align-center elementor-widget elementor-widget-social-icons\" data-id=\"e1694b0\" data-element_type=\"widget\" data-widget_type=\"social-icons.default\">\n\t\t\t\t<div class=\"elementor-widget-container\">\n\t\t\t\t\t\t\t<div class=\"elementor-social-icons-wrapper elementor-grid\" role=\"list\">\n\t\t\t\t\t\t\t<span class=\"elementor-grid-item\" role=\"listitem\">\n\t\t\t\t\t<a class=\"elementor-icon elementor-social-icon elementor-social-icon-facebook elementor-repeater-item-e984204\" href=\"https:\/\/www.facebook.com\/ALFA_MX-171743202921942\" target=\"_blank\">\n\t\t\t\t\t\t<span class=\"elementor-screen-only\">Facebook<\/span>\n\t\t\t\t\t\t<i aria-hidden=\"true\" class=\"fab fa-facebook\"><\/i>\t\t\t\t\t<\/a>\n\t\t\t\t<\/span>\n\t\t\t\t\t\t\t<span class=\"elementor-grid-item\" role=\"listitem\">\n\t\t\t\t\t<a class=\"elementor-icon elementor-social-icon elementor-social-icon- elementor-repeater-item-e66e088\" href=\"https:\/\/twitter.com\/alfa_mx\" target=\"_blank\">\n\t\t\t\t\t\t<span class=\"elementor-screen-only\"><\/span>\n\t\t\t\t\t\t<svg xmlns=\"http:\/\/www.w3.org\/2000\/svg\" height=\"25\" width=\"25\" viewBox=\"0 0 512 512\"><path d=\"M389.2 48h70.6L305.6 224.2 487 464H345L233.7 318.6 106.5 464H35.8L200.7 275.5 26.8 48H172.4L272.9 180.9 389.2 48zM364.4 421.8h39.1L151.1 88h-42L364.4 421.8z\"><\/path><\/svg>\t\t\t\t\t<\/a>\n\t\t\t\t<\/span>\n\t\t\t\t\t\t\t<span class=\"elementor-grid-item\" role=\"listitem\">\n\t\t\t\t\t<a class=\"elementor-icon elementor-social-icon elementor-social-icon-linkedin elementor-repeater-item-52babab\" href=\"https:\/\/www.linkedin.com\/company\/alfa-corporativo\/\" target=\"_blank\">\n\t\t\t\t\t\t<span class=\"elementor-screen-only\">Linkedin<\/span>\n\t\t\t\t\t\t<i aria-hidden=\"true\" class=\"fab fa-linkedin\"><\/i>\t\t\t\t\t<\/a>\n\t\t\t\t<\/span>\n\t\t\t\t\t<\/div>\n\t\t\t\t\t\t<\/div>\n\t\t\t\t<\/div>\n\t\t\t\t\t<\/div>\n\t\t<\/div>\n\t\t\t\t\t<\/div>\n\t\t<\/section>\n\t\t\t\t<section class=\"elementor-section elementor-top-section elementor-element elementor-element-dbca3bc elementor-section-boxed elementor-section-height-default elementor-section-height-default\" data-id=\"dbca3bc\" data-element_type=\"section\" data-settings=\"{&quot;jet_parallax_layout_list&quot;:[]}\">\n\t\t\t\t\t\t<div class=\"elementor-container elementor-column-gap-default\">\n\t\t\t\t\t<div class=\"elementor-column elementor-col-100 elementor-top-column elementor-element elementor-element-01f03c2\" data-id=\"01f03c2\" data-element_type=\"column\">\n\t\t\t<div class=\"elementor-widget-wrap\">\n\t\t\t\t\t\t\t<\/div>\n\t\t<\/div>\n\t\t\t\t\t<\/div>\n\t\t<\/section>\n\t\t\t\t<\/div>\n\t\t","protected":false},"excerpt":{"rendered":"<p>At ALFA, we celebrate the achievements of our team, and on this occasion, we want to highlight and congratulate Azucena Au Ahumada, who was appointed as the first female member of the National Association of Fiscal Specialists of Monterrey A.C. (ANEFAC). \u00a0This association brings together tax directors and specialized lawyers, serving as a reference in [&hellip;]<\/p>\n","protected":false},"author":16,"featured_media":25175,"comment_status":"open","ping_status":"open","sticky":false,"template":"","format":"standard","meta":{"footnotes":""},"categories":[14,1],"tags":[],"titulo-tarjeta-repo":[],"etiqueta":[],"empresa":[],"edicion":[],"class_list":["post-25033","post","type-post","status-publish","format-standard","has-post-thumbnail","hentry","category-historias-alfa","category-sin-categorizar"],"yoast_head":"<!-- This site is optimized with the Yoast SEO plugin v25.2 - https:\/\/yoast.com\/wordpress\/plugins\/seo\/ -->\n<title>Azucena Au Stands Out for Her Career in the Tax sector - Sigma Foods | Alimentos Deliciosos para una Vida Mejor<\/title>\n<meta name=\"robots\" content=\"index, follow, max-snippet:-1, max-image-preview:large, max-video-preview:-1\" \/>\n<link rel=\"canonical\" href=\"https:\/\/www.sigmafoods.com\/en\/azucena-au-anefac\/\" \/>\n<meta property=\"og:locale\" content=\"en_US\" \/>\n<meta property=\"og:type\" content=\"article\" \/>\n<meta property=\"og:title\" content=\"Azucena Au Stands Out for Her Career in the Tax sector - Sigma Foods | Alimentos Deliciosos para una Vida Mejor\" \/>\n<meta property=\"og:description\" content=\"At ALFA, we celebrate the achievements of our team, and on this occasion, we want to highlight and congratulate Azucena Au Ahumada, who was appointed as the first female member of the National Association of Fiscal Specialists of Monterrey A.C. (ANEFAC). \u00a0This association brings together tax directors and specialized lawyers, serving as a reference in [&hellip;]\" \/>\n<meta property=\"og:url\" content=\"https:\/\/www.sigmafoods.com\/en\/azucena-au-anefac\/\" \/>\n<meta property=\"og:site_name\" content=\"Sigma Foods | Alimentos Deliciosos para una Vida Mejor\" \/>\n<meta property=\"article:published_time\" content=\"2023-11-23T23:00:51+00:00\" \/>\n<meta property=\"article:modified_time\" content=\"2024-05-09T23:11:39+00:00\" \/>\n<meta property=\"og:image\" content=\"https:\/\/www.sigmafoods.com\/wp-content\/uploads\/2023\/11\/669b9a69-2365-44cb-9919-6cfb365678c5.jpg\" \/>\n\t<meta property=\"og:image:width\" content=\"1280\" \/>\n\t<meta property=\"og:image:height\" content=\"720\" \/>\n\t<meta property=\"og:image:type\" content=\"image\/jpeg\" \/>\n<meta name=\"author\" content=\"Fernando del Villar\" \/>\n<meta name=\"twitter:card\" content=\"summary_large_image\" \/>\n<meta name=\"twitter:label1\" content=\"Written by\" \/>\n\t<meta name=\"twitter:data1\" content=\"Fernando del Villar\" \/>\n\t<meta name=\"twitter:label2\" content=\"Est. reading time\" \/>\n\t<meta name=\"twitter:data2\" content=\"2 minutes\" \/>\n<script type=\"application\/ld+json\" class=\"yoast-schema-graph\">{\"@context\":\"https:\/\/schema.org\",\"@graph\":[{\"@type\":\"Article\",\"@id\":\"https:\/\/www.sigmafoods.com\/en\/azucena-au-anefac\/#article\",\"isPartOf\":{\"@id\":\"https:\/\/www.sigmafoods.com\/en\/azucena-au-anefac\/\"},\"author\":{\"name\":\"Fernando del Villar\",\"@id\":\"https:\/\/www.sigmafoods.com\/#\/schema\/person\/3ed35e6a01cc40e07ddb2a224136ee5a\"},\"headline\":\"Azucena Au Stands Out for Her Career in the Tax sector\",\"datePublished\":\"2023-11-23T23:00:51+00:00\",\"dateModified\":\"2024-05-09T23:11:39+00:00\",\"mainEntityOfPage\":{\"@id\":\"https:\/\/www.sigmafoods.com\/en\/azucena-au-anefac\/\"},\"wordCount\":151,\"commentCount\":0,\"publisher\":{\"@id\":\"https:\/\/www.sigmafoods.com\/#organization\"},\"image\":{\"@id\":\"https:\/\/www.sigmafoods.com\/en\/azucena-au-anefac\/#primaryimage\"},\"thumbnailUrl\":\"https:\/\/www.sigmafoods.com\/wp-content\/uploads\/2023\/11\/669b9a69-2365-44cb-9919-6cfb365678c5.jpg\",\"articleSection\":[\"Historias ALFA\",\"Sin categorizar\"],\"inLanguage\":\"en-US\",\"potentialAction\":[{\"@type\":\"CommentAction\",\"name\":\"Comment\",\"target\":[\"https:\/\/www.sigmafoods.com\/en\/azucena-au-anefac\/#respond\"]}]},{\"@type\":\"WebPage\",\"@id\":\"https:\/\/www.sigmafoods.com\/en\/azucena-au-anefac\/\",\"url\":\"https:\/\/www.sigmafoods.com\/en\/azucena-au-anefac\/\",\"name\":\"Azucena Au Stands Out for Her Career in the Tax sector - Sigma Foods | Alimentos Deliciosos para una Vida Mejor\",\"isPartOf\":{\"@id\":\"https:\/\/www.sigmafoods.com\/#website\"},\"primaryImageOfPage\":{\"@id\":\"https:\/\/www.sigmafoods.com\/en\/azucena-au-anefac\/#primaryimage\"},\"image\":{\"@id\":\"https:\/\/www.sigmafoods.com\/en\/azucena-au-anefac\/#primaryimage\"},\"thumbnailUrl\":\"https:\/\/www.sigmafoods.com\/wp-content\/uploads\/2023\/11\/669b9a69-2365-44cb-9919-6cfb365678c5.jpg\",\"datePublished\":\"2023-11-23T23:00:51+00:00\",\"dateModified\":\"2024-05-09T23:11:39+00:00\",\"inLanguage\":\"en-US\",\"potentialAction\":[{\"@type\":\"ReadAction\",\"target\":[\"https:\/\/www.sigmafoods.com\/en\/azucena-au-anefac\/\"]}]},{\"@type\":\"ImageObject\",\"inLanguage\":\"en-US\",\"@id\":\"https:\/\/www.sigmafoods.com\/en\/azucena-au-anefac\/#primaryimage\",\"url\":\"https:\/\/www.sigmafoods.com\/wp-content\/uploads\/2023\/11\/669b9a69-2365-44cb-9919-6cfb365678c5.jpg\",\"contentUrl\":\"https:\/\/www.sigmafoods.com\/wp-content\/uploads\/2023\/11\/669b9a69-2365-44cb-9919-6cfb365678c5.jpg\",\"width\":1280,\"height\":720},{\"@type\":\"WebSite\",\"@id\":\"https:\/\/www.sigmafoods.com\/#website\",\"url\":\"https:\/\/www.sigmafoods.com\/\",\"name\":\"Sigma Foods | Alimentos Deliciosos para una Vida Mejor\",\"description\":\"Compa\u00f1\u00eda multinacional l\u00edder en la industria de alimentos que produce, comercializa y distribuye carnes fr\u00edas, carnes maduradas, l\u00e1cteos y otros productos en M\u00e9xico, Europa, EE.UU. y Am\u00e9rica Latina.\",\"publisher\":{\"@id\":\"https:\/\/www.sigmafoods.com\/#organization\"},\"potentialAction\":[{\"@type\":\"SearchAction\",\"target\":{\"@type\":\"EntryPoint\",\"urlTemplate\":\"https:\/\/www.sigmafoods.com\/?s={search_term_string}\"},\"query-input\":{\"@type\":\"PropertyValueSpecification\",\"valueRequired\":true,\"valueName\":\"search_term_string\"}}],\"inLanguage\":\"en-US\"},{\"@type\":\"Organization\",\"@id\":\"https:\/\/www.sigmafoods.com\/#organization\",\"name\":\"Sigma Foods | Alimentos Deliciosos para una Vida Mejor\",\"url\":\"https:\/\/www.sigmafoods.com\/\",\"logo\":{\"@type\":\"ImageObject\",\"inLanguage\":\"en-US\",\"@id\":\"https:\/\/www.sigmafoods.com\/#\/schema\/logo\/image\/\",\"url\":\"https:\/\/www.sigmafoods.com\/wp-content\/uploads\/2025\/12\/SigmaFoods_2.png\",\"contentUrl\":\"https:\/\/www.sigmafoods.com\/wp-content\/uploads\/2025\/12\/SigmaFoods_2.png\",\"width\":600,\"height\":370,\"caption\":\"Sigma Foods | Alimentos Deliciosos para una Vida Mejor\"},\"image\":{\"@id\":\"https:\/\/www.sigmafoods.com\/#\/schema\/logo\/image\/\"}},{\"@type\":\"Person\",\"@id\":\"https:\/\/www.sigmafoods.com\/#\/schema\/person\/3ed35e6a01cc40e07ddb2a224136ee5a\",\"name\":\"Fernando del Villar\",\"image\":{\"@type\":\"ImageObject\",\"inLanguage\":\"en-US\",\"@id\":\"https:\/\/www.sigmafoods.com\/#\/schema\/person\/image\/\",\"url\":\"https:\/\/secure.gravatar.com\/avatar\/34fdc3cb320c6696f4cfad233ec4c4eca5f0e7d2f54f3bef5c1002a1c06d9db9?s=96&d=mm&r=g\",\"contentUrl\":\"https:\/\/secure.gravatar.com\/avatar\/34fdc3cb320c6696f4cfad233ec4c4eca5f0e7d2f54f3bef5c1002a1c06d9db9?s=96&d=mm&r=g\",\"caption\":\"Fernando del Villar\"},\"url\":\"https:\/\/www.sigmafoods.com\/en\/author\/fer-villar\/\"}]}<\/script>\n<!-- \/ Yoast SEO plugin. -->","yoast_head_json":{"title":"Azucena Au Stands Out for Her Career in the Tax sector - Sigma Foods | Alimentos Deliciosos para una Vida Mejor","robots":{"index":"index","follow":"follow","max-snippet":"max-snippet:-1","max-image-preview":"max-image-preview:large","max-video-preview":"max-video-preview:-1"},"canonical":"https:\/\/www.sigmafoods.com\/en\/azucena-au-anefac\/","og_locale":"en_US","og_type":"article","og_title":"Azucena Au Stands Out for Her Career in the Tax sector - Sigma Foods | Alimentos Deliciosos para una Vida Mejor","og_description":"At ALFA, we celebrate the achievements of our team, and on this occasion, we want to highlight and congratulate Azucena Au Ahumada, who was appointed as the first female member of the National Association of Fiscal Specialists of Monterrey A.C. (ANEFAC). \u00a0This association brings together tax directors and specialized lawyers, serving as a reference in [&hellip;]","og_url":"https:\/\/www.sigmafoods.com\/en\/azucena-au-anefac\/","og_site_name":"Sigma Foods | Alimentos Deliciosos para una Vida Mejor","article_published_time":"2023-11-23T23:00:51+00:00","article_modified_time":"2024-05-09T23:11:39+00:00","og_image":[{"width":1280,"height":720,"url":"https:\/\/www.sigmafoods.com\/wp-content\/uploads\/2023\/11\/669b9a69-2365-44cb-9919-6cfb365678c5.jpg","type":"image\/jpeg"}],"author":"Fernando del Villar","twitter_card":"summary_large_image","twitter_misc":{"Written by":"Fernando del Villar","Est. reading time":"2 minutes"},"schema":{"@context":"https:\/\/schema.org","@graph":[{"@type":"Article","@id":"https:\/\/www.sigmafoods.com\/en\/azucena-au-anefac\/#article","isPartOf":{"@id":"https:\/\/www.sigmafoods.com\/en\/azucena-au-anefac\/"},"author":{"name":"Fernando del Villar","@id":"https:\/\/www.sigmafoods.com\/#\/schema\/person\/3ed35e6a01cc40e07ddb2a224136ee5a"},"headline":"Azucena Au Stands Out for Her Career in the Tax sector","datePublished":"2023-11-23T23:00:51+00:00","dateModified":"2024-05-09T23:11:39+00:00","mainEntityOfPage":{"@id":"https:\/\/www.sigmafoods.com\/en\/azucena-au-anefac\/"},"wordCount":151,"commentCount":0,"publisher":{"@id":"https:\/\/www.sigmafoods.com\/#organization"},"image":{"@id":"https:\/\/www.sigmafoods.com\/en\/azucena-au-anefac\/#primaryimage"},"thumbnailUrl":"https:\/\/www.sigmafoods.com\/wp-content\/uploads\/2023\/11\/669b9a69-2365-44cb-9919-6cfb365678c5.jpg","articleSection":["Historias ALFA","Sin categorizar"],"inLanguage":"en-US","potentialAction":[{"@type":"CommentAction","name":"Comment","target":["https:\/\/www.sigmafoods.com\/en\/azucena-au-anefac\/#respond"]}]},{"@type":"WebPage","@id":"https:\/\/www.sigmafoods.com\/en\/azucena-au-anefac\/","url":"https:\/\/www.sigmafoods.com\/en\/azucena-au-anefac\/","name":"Azucena Au Stands Out for Her Career in the Tax sector - Sigma Foods | Alimentos Deliciosos para una Vida Mejor","isPartOf":{"@id":"https:\/\/www.sigmafoods.com\/#website"},"primaryImageOfPage":{"@id":"https:\/\/www.sigmafoods.com\/en\/azucena-au-anefac\/#primaryimage"},"image":{"@id":"https:\/\/www.sigmafoods.com\/en\/azucena-au-anefac\/#primaryimage"},"thumbnailUrl":"https:\/\/www.sigmafoods.com\/wp-content\/uploads\/2023\/11\/669b9a69-2365-44cb-9919-6cfb365678c5.jpg","datePublished":"2023-11-23T23:00:51+00:00","dateModified":"2024-05-09T23:11:39+00:00","inLanguage":"en-US","potentialAction":[{"@type":"ReadAction","target":["https:\/\/www.sigmafoods.com\/en\/azucena-au-anefac\/"]}]},{"@type":"ImageObject","inLanguage":"en-US","@id":"https:\/\/www.sigmafoods.com\/en\/azucena-au-anefac\/#primaryimage","url":"https:\/\/www.sigmafoods.com\/wp-content\/uploads\/2023\/11\/669b9a69-2365-44cb-9919-6cfb365678c5.jpg","contentUrl":"https:\/\/www.sigmafoods.com\/wp-content\/uploads\/2023\/11\/669b9a69-2365-44cb-9919-6cfb365678c5.jpg","width":1280,"height":720},{"@type":"WebSite","@id":"https:\/\/www.sigmafoods.com\/#website","url":"https:\/\/www.sigmafoods.com\/","name":"Sigma Foods | Alimentos Deliciosos para una Vida Mejor","description":"Compa\u00f1\u00eda multinacional l\u00edder en la industria de alimentos que produce, comercializa y distribuye carnes fr\u00edas, carnes maduradas, l\u00e1cteos y otros productos en M\u00e9xico, Europa, EE.UU. y Am\u00e9rica Latina.","publisher":{"@id":"https:\/\/www.sigmafoods.com\/#organization"},"potentialAction":[{"@type":"SearchAction","target":{"@type":"EntryPoint","urlTemplate":"https:\/\/www.sigmafoods.com\/?s={search_term_string}"},"query-input":{"@type":"PropertyValueSpecification","valueRequired":true,"valueName":"search_term_string"}}],"inLanguage":"en-US"},{"@type":"Organization","@id":"https:\/\/www.sigmafoods.com\/#organization","name":"Sigma Foods | Alimentos Deliciosos para una Vida Mejor","url":"https:\/\/www.sigmafoods.com\/","logo":{"@type":"ImageObject","inLanguage":"en-US","@id":"https:\/\/www.sigmafoods.com\/#\/schema\/logo\/image\/","url":"https:\/\/www.sigmafoods.com\/wp-content\/uploads\/2025\/12\/SigmaFoods_2.png","contentUrl":"https:\/\/www.sigmafoods.com\/wp-content\/uploads\/2025\/12\/SigmaFoods_2.png","width":600,"height":370,"caption":"Sigma Foods | Alimentos Deliciosos para una Vida Mejor"},"image":{"@id":"https:\/\/www.sigmafoods.com\/#\/schema\/logo\/image\/"}},{"@type":"Person","@id":"https:\/\/www.sigmafoods.com\/#\/schema\/person\/3ed35e6a01cc40e07ddb2a224136ee5a","name":"Fernando del Villar","image":{"@type":"ImageObject","inLanguage":"en-US","@id":"https:\/\/www.sigmafoods.com\/#\/schema\/person\/image\/","url":"https:\/\/secure.gravatar.com\/avatar\/34fdc3cb320c6696f4cfad233ec4c4eca5f0e7d2f54f3bef5c1002a1c06d9db9?s=96&d=mm&r=g","contentUrl":"https:\/\/secure.gravatar.com\/avatar\/34fdc3cb320c6696f4cfad233ec4c4eca5f0e7d2f54f3bef5c1002a1c06d9db9?s=96&d=mm&r=g","caption":"Fernando del Villar"},"url":"https:\/\/www.sigmafoods.com\/en\/author\/fer-villar\/"}]}},"_links":{"self":[{"href":"https:\/\/www.sigmafoods.com\/en\/wp-json\/wp\/v2\/posts\/25033","targetHints":{"allow":["GET"]}}],"collection":[{"href":"https:\/\/www.sigmafoods.com\/en\/wp-json\/wp\/v2\/posts"}],"about":[{"href":"https:\/\/www.sigmafoods.com\/en\/wp-json\/wp\/v2\/types\/post"}],"author":[{"embeddable":true,"href":"https:\/\/www.sigmafoods.com\/en\/wp-json\/wp\/v2\/users\/16"}],"replies":[{"embeddable":true,"href":"https:\/\/www.sigmafoods.com\/en\/wp-json\/wp\/v2\/comments?post=25033"}],"version-history":[{"count":15,"href":"https:\/\/www.sigmafoods.com\/en\/wp-json\/wp\/v2\/posts\/25033\/revisions"}],"predecessor-version":[{"id":25351,"href":"https:\/\/www.sigmafoods.com\/en\/wp-json\/wp\/v2\/posts\/25033\/revisions\/25351"}],"wp:featuredmedia":[{"embeddable":true,"href":"https:\/\/www.sigmafoods.com\/en\/wp-json\/wp\/v2\/media\/25175"}],"wp:attachment":[{"href":"https:\/\/www.sigmafoods.com\/en\/wp-json\/wp\/v2\/media?parent=25033"}],"wp:term":[{"taxonomy":"category","embeddable":true,"href":"https:\/\/www.sigmafoods.com\/en\/wp-json\/wp\/v2\/categories?post=25033"},{"taxonomy":"post_tag","embeddable":true,"href":"https:\/\/www.sigmafoods.com\/en\/wp-json\/wp\/v2\/tags?post=25033"},{"taxonomy":"tags","embeddable":true,"href":"https:\/\/www.sigmafoods.com\/en\/wp-json\/wp\/v2\/tags?post=25033"},{"taxonomy":"titulo-tarjeta-repo","embeddable":true,"href":"https:\/\/www.sigmafoods.com\/en\/wp-json\/wp\/v2\/titulo-tarjeta-repo?post=25033"},{"taxonomy":"etiqueta","embeddable":true,"href":"https:\/\/www.sigmafoods.com\/en\/wp-json\/wp\/v2\/etiqueta?post=25033"},{"taxonomy":"empresa","embeddable":true,"href":"https:\/\/www.sigmafoods.com\/en\/wp-json\/wp\/v2\/empresa?post=25033"},{"taxonomy":"edicion","embeddable":true,"href":"https:\/\/www.sigmafoods.com\/en\/wp-json\/wp\/v2\/edicion?post=25033"}],"curies":[{"name":"wp","href":"https:\/\/api.w.org\/{rel}","templated":true}]}}